{"id":10068,"date":"2020-12-21T10:12:49","date_gmt":"2020-12-21T10:12:49","guid":{"rendered":"https:\/\/waescherprinzessin.com\/non-classifiee\/la-periode-de-noel-a-beuel-un-moment-tres-special-pour-lena\/"},"modified":"2025-01-25T19:19:52","modified_gmt":"2025-01-25T19:19:52","slug":"la-periode-de-noel-a-beuel-un-moment-tres-special-pour-lena","status":"publish","type":"post","link":"https:\/\/waescherprinzessin.com\/fr\/la-periode-de-noel-a-beuel-un-moment-tres-special-pour-lena\/","title":{"rendered":"La p\u00e9riode de No\u00ebl \u00e0 Beuel, un moment tr\u00e8s sp\u00e9cial pour Lena"},"content":{"rendered":"<div class=\"wpb-content-wrapper\"><p>[vc_row][vc_column width=\u00a0\u00bb5\/6&Prime; offset=\u00a0\u00bbvc_col-lg-offset-1 vc_col-md-offset-1&Prime;]<div class=\"thegem-te-heading thegem-custom-69f5f93203e673745\" ><h1 id=\"thegem-heading-69f5f93203acb\" class=\"thegem-heading thegem-custom-heading-69f5f93203ac55253 vc_custom_1734259478256\" style=\"text-align: left;\" ><\/h1><style type=\"text\/css\">#thegem-heading-69f5f93203acb {margin: 0;}#thegem-heading-69f5f93203acb a:hover, #thegem-heading-69f5f93203acb a:hover span.colored {color: var(--thegem-to-menu-level1-color-hover, #00BCD4) !important;}<\/style><\/div><style>@media screen and (max-width: 1023px) {.thegem-heading.thegem-custom-heading-69f5f93203ac55253{display: block!important;}}@media screen and (max-width: 767px) {.thegem-heading.thegem-custom-heading-69f5f93203ac55253{display: block!important;}}@media screen and (max-width: 1023px) {.thegem-heading.thegem-custom-heading-69f5f93203ac55253{position: relative !important;}}@media screen and (max-width: 767px) {.thegem-heading.thegem-custom-heading-69f5f93203ac55253{position: relative !important;}}<\/style>[vc_column_text css=\u00a0\u00bb\u00a0\u00bb css_animation=\u00a0\u00bbbottom-to-top\u00a0\u00bb]La p\u00e9riode de l\u2018Avent \u00e0 Beuel, les fen\u00eatres joliment illumin\u00e9es, les \u00e9toiles accroch\u00e9es aux maisons et ce moment chaleureux &#8211; toutes ces petites choses me traversent l\u2018esprit quand je pense \u00e0 la p\u00e9riode de l\u2018Avent \u00e0 Beuel.<\/p>\n<p>Cette ann\u00e9e, j\u2018ai eu l\u2018honneur de d\u00e9corer le sapin de No\u00ebl sur la place de la mairie de Beuel.<\/p>\n<p>Une t\u00e2che digne qui est habituellement assum\u00e9e par les enfants de Beuel. Cette ann\u00e9e, la tradition avec les enfants n\u2018a malheureusement pas pu \u00eatre poursuivie \u00e0 cause de Corona.<\/p>\n<p>C\u2018est donc avec plaisir que j\u2018ai eu l\u2018occasion de d\u00e9corer cet arbre et de faire ainsi plaisir aux habitants de Beuel. J\u2018esp\u00e8re toutefois que l\u2018ann\u00e9e 2021 sera meilleure pour nous tous et que les enfants pourront \u00e0 nouveau d\u00e9corer le sapin avec amour l\u2018ann\u00e9e prochaine.[\/vc_column_text][\/vc_column][\/vc_row][vc_row el_class=\u00a0\u00bbanimation-block\u00a0\u00bb css=\u00a0\u00bb.vc_custom_1600934705638{margin-bottom: 0px !important;}\u00a0\u00bb el_id=\u00a0\u00bbanimation-block\u00a0\u00bb][vc_column css=\u00a0\u00bb.vc_custom_1734258007925{padding-top: 0px !important;}\u00a0\u00bb z_index=\u00a0\u00bb10&Prime;]<div id=\"fullwidth-block-69f5f93203f29\" class=\"fullwidth-block clearfix\"  style=\"\"><script type=\"text\/javascript\">if (typeof(gem_fix_fullwidth_position) == \"function\") { gem_fix_fullwidth_position(document.getElementById(\"fullwidth-block-69f5f93203f29\")); }<\/script><div class=\"fullwidth-block-inner\">[vc_single_image image=\u00a0\u00bb9403&Prime; img_size=\u00a0\u00bbfull\u00a0\u00bb css=\u00a0\u00bb\u00a0\u00bb interactions_enabled=\u00a0\u00bb1&Prime; vertical_scroll=\u00a0\u00bb1&Prime; vertical_scroll_direction=\u00a0\u00bbvertical_scroll_direction_down\u00a0\u00bb vertical_scroll_speed=\u00a0\u00bb10&Prime; el_class=\u00a0\u00bbgear-1&Prime;][vc_single_image image=\u00a0\u00bb9369&Prime; img_size=\u00a0\u00bbfull\u00a0\u00bb alignment=\u00a0\u00bbright\u00a0\u00bb interactions_enabled=\u00a0\u00bb1&Prime; vertical_scroll=\u00a0\u00bb1&Prime; vertical_scroll_speed=\u00a0\u00bb10&Prime; el_class=\u00a0\u00bbgear-2&Prime;]<\/div><\/div><div class=\"clearboth\"><\/div><style>#thegem-divider-69f5f93203f9b {margin-top: 180px !important;}<\/style><div id=\"thegem-divider-69f5f93203f9b\" class=\"gem-divider  \" style=\"\" ><\/div>[\/vc_column][\/vc_row]<\/p>\n<\/div>","protected":false},"excerpt":{"rendered":"<p>La p\u00e9riode de l\u2018Avent \u00e0 Beuel, les fen\u00eatres joliment illumin\u00e9es, les \u00e9toiles accroch\u00e9es aux maisons et le temps convivial &#8211; tout &#8230;<\/p>\n","protected":false},"author":1,"featured_media":9413,"comment_status":"closed","ping_status":"closed","sticky":false,"template":"","format":"standard","meta":{"footnotes":""},"categories":[51],"tags":[],"class_list":{"0":"post-10068","1":"post","2":"type-post","3":"status-publish","4":"format-standard","5":"has-post-thumbnail","7":"category-aktuelles-fr"},"menu_order":0,"_links":{"self":[{"href":"https:\/\/waescherprinzessin.com\/fr\/wp-json\/wp\/v2\/posts\/10068","targetHints":{"allow":["GET"]}}],"collection":[{"href":"https:\/\/waescherprinzessin.com\/fr\/wp-json\/wp\/v2\/posts"}],"about":[{"href":"https:\/\/waescherprinzessin.com\/fr\/wp-json\/wp\/v2\/types\/post"}],"author":[{"embeddable":true,"href":"https:\/\/waescherprinzessin.com\/fr\/wp-json\/wp\/v2\/users\/1"}],"replies":[{"embeddable":true,"href":"https:\/\/waescherprinzessin.com\/fr\/wp-json\/wp\/v2\/comments?post=10068"}],"version-history":[{"count":6,"href":"https:\/\/waescherprinzessin.com\/fr\/wp-json\/wp\/v2\/posts\/10068\/revisions"}],"predecessor-version":[{"id":11676,"href":"https:\/\/waescherprinzessin.com\/fr\/wp-json\/wp\/v2\/posts\/10068\/revisions\/11676"}],"wp:featuredmedia":[{"embeddable":true,"href":"https:\/\/waescherprinzessin.com\/fr\/wp-json\/wp\/v2\/media\/9413"}],"wp:attachment":[{"href":"https:\/\/waescherprinzessin.com\/fr\/wp-json\/wp\/v2\/media?parent=10068"}],"wp:term":[{"taxonomy":"category","embeddable":true,"href":"https:\/\/waescherprinzessin.com\/fr\/wp-json\/wp\/v2\/categories?post=10068"},{"taxonomy":"post_tag","embeddable":true,"href":"https:\/\/waescherprinzessin.com\/fr\/wp-json\/wp\/v2\/tags?post=10068"}],"curies":[{"name":"wp","href":"https:\/\/api.w.org\/{rel}","templated":true}]}}