{"id":11554,"date":"2019-09-05T21:10:20","date_gmt":"2019-09-05T21:10:20","guid":{"rendered":"https:\/\/waescherprinzessin.com\/la-tradition-et-les-coutumes-se-rejoignent\/"},"modified":"2019-09-05T21:10:20","modified_gmt":"2019-09-05T21:10:20","slug":"la-tradition-et-les-coutumes-se-rejoignent","status":"publish","type":"post","link":"https:\/\/waescherprinzessin.com\/fr\/la-tradition-et-les-coutumes-se-rejoignent\/","title":{"rendered":"La tradition et les coutumes se rejoignent"},"content":{"rendered":"<p><a name=\"_GoBack\"><\/a>  Le grand secret selon lequel les jeunes filles sont autoris\u00e9es \u00e0 repr\u00e9senter le carnaval des femmes de Beuel en tant que princesse lavandi\u00e8re \u00e0 l\u2019occasion du 250e anniversaire de Beethoven a d\u00e9j\u00e0 \u00e9t\u00e9 r\u00e9v\u00e9l\u00e9 lors de la soir\u00e9e rh\u00e9nane, \u00e0 la Foire historique de P\u00fctzchen. Romina Markmann sera la princesse lavandi\u00e8re de la session 2019\/2020 et nous sommes donc heureux de la pr\u00e9senter, ainsi que ses lavandi\u00e8res Sabrina (Michel) et Lena (Obliers). Romina a 22 ans et est originaire de Bonn, comme il sied \u00e0 une vraie fille rh\u00e9nane. Apr\u00e8s avoir obtenu avec succ\u00e8s son baccalaur\u00e9at professionnel en commerce et administration en 2016, Romina a commenc\u00e9 sa carri\u00e8re professionnelle dans l\u2019entreprise de ses parents. \u00c0 Beuel, les coutumes et la tradition ont toujours \u00e9t\u00e9 tr\u00e8s importantes et c\u2019est pourquoi l\u2019entreprise familiale \u00ab&nbsp;Markmann and Sons&nbsp;\u00bb avec Romina est repr\u00e9sent\u00e9e \u00e0 la foire traditionnelle \u00ab&nbsp;P\u00fctzchens Markt&nbsp;\u00bb. Cette ann\u00e9e, nous pouvons particuli\u00e8rement nous r\u00e9jouir de la participation de Romina \u00e0 la parade historique en tant que future princesse lavandi\u00e8re le vendredi 6.9.2019 \u00e0 partir de 13h30 sur le terrain du march\u00e9. Romina suivra \u00e9galement en direct la table \u00e0 barriques et l\u2019ouverture de la foire sous le chapiteau bavarois, accompagn\u00e9e de ses deux lavandi\u00e8res. Alors venez faire la f\u00eate avec nous \u00e0 partir de 15 heures sous la tente Bavi\u00e8re.    <\/p>\n","protected":false},"excerpt":{"rendered":"<p>Le grand secret selon lequel les jeunes filles sont autoris\u00e9es \u00e0 repr\u00e9senter le carnaval des femmes de Beuel en tant&#8230;<\/p>\n","protected":false},"author":2,"featured_media":11390,"comment_status":"closed","ping_status":"closed","sticky":false,"template":"","format":"standard","meta":{"footnotes":""},"categories":[51],"tags":[],"class_list":{"0":"post-11554","1":"post","2":"type-post","3":"status-publish","4":"format-standard","5":"has-post-thumbnail","7":"category-aktuelles-fr"},"menu_order":0,"_links":{"self":[{"href":"https:\/\/waescherprinzessin.com\/fr\/wp-json\/wp\/v2\/posts\/11554","targetHints":{"allow":["GET"]}}],"collection":[{"href":"https:\/\/waescherprinzessin.com\/fr\/wp-json\/wp\/v2\/posts"}],"about":[{"href":"https:\/\/waescherprinzessin.com\/fr\/wp-json\/wp\/v2\/types\/post"}],"author":[{"embeddable":true,"href":"https:\/\/waescherprinzessin.com\/fr\/wp-json\/wp\/v2\/users\/2"}],"replies":[{"embeddable":true,"href":"https:\/\/waescherprinzessin.com\/fr\/wp-json\/wp\/v2\/comments?post=11554"}],"version-history":[{"count":0,"href":"https:\/\/waescherprinzessin.com\/fr\/wp-json\/wp\/v2\/posts\/11554\/revisions"}],"wp:featuredmedia":[{"embeddable":true,"href":"https:\/\/waescherprinzessin.com\/fr\/wp-json\/wp\/v2\/media\/11390"}],"wp:attachment":[{"href":"https:\/\/waescherprinzessin.com\/fr\/wp-json\/wp\/v2\/media?parent=11554"}],"wp:term":[{"taxonomy":"category","embeddable":true,"href":"https:\/\/waescherprinzessin.com\/fr\/wp-json\/wp\/v2\/categories?post=11554"},{"taxonomy":"post_tag","embeddable":true,"href":"https:\/\/waescherprinzessin.com\/fr\/wp-json\/wp\/v2\/tags?post=11554"}],"curies":[{"name":"wp","href":"https:\/\/api.w.org\/{rel}","templated":true}]}}